{"id":32181,"date":"2026-04-01T11:30:41","date_gmt":"2026-04-01T09:30:41","guid":{"rendered":"https:\/\/www.civiform.it\/?p=32181"},"modified":"2026-03-31T16:29:34","modified_gmt":"2026-03-31T14:29:34","slug":"comunicato-stampa","status":"publish","type":"post","link":"https:\/\/www.civiform.it\/en\/2026\/04\/01\/comunicato-stampa\/","title":{"rendered":"CIVIFORM RISPONDE CON FERMEZZA: LA VERIT\u00c0 SUL NOSTRO LAVORO PER L\u2019EDUCAZIONE, LA FORMAZIONE,  L\u2019INCLUSIONE E L\u2019INTEGRAZIONE"},"content":{"rendered":"<p>In merito ai recenti episodi verificatisi presso la sede di Cividale del Friuli nelle giornate del 24 e 26 marzo, i vertici di Civiform ritengono doveroso intervenire per riportare la cronaca e il dibattito su un piano di correttezza informativa e aderenza ai fatti, tutelando la propria organizzazione nonch\u00e9 il lavoro posto in essere con competenza e senso di responsabilit\u00e0 dal proprio personale.<\/p>\n<p><!--more--><\/p>\n<div class=\"\" data-block=\"true\" data-editor=\"apgch\" data-offset-key=\"2nugb-0-0\">\n<div class=\"_1mf _1mj\" data-offset-key=\"2nugb-0-0\">\n<p>Dopo un lungo periodo in cui l\u2019attivit\u00e0 della Comunit\u00e0 per minori ha avuto corso con serenit\u00e0, causa la presenza di alcuni soggetti problematici si sono verificati due episodi di aggressione che hanno visto alcuni ospiti di diversa etnia scontrarsi per futili motivi. Gli eventi - il primo avvenuto in un\u2019aula studio e l\u2019altro in un\u2019area esterna adiacente alla mensa - sono stati prontamente gestiti dal personale educativo dell\u2019Ente. Si tratta di episodi mai sottovalutati e trattati nel rispetto delle procedure e dei protocolli in essere. Come previsto, si \u00e8 chiesto l\u2019intervento delle Forze dell\u2019Ordine per procedere con la denuncia dei responsabili e consentire l\u2019attivazione delle procedure di richiesta di allontanamento dei ragazzi coinvolti. Il trasferimento ad altra Comunit\u00e0, infatti, pu\u00f2 essere disposto solo dal Tribunale dei minori e dal Servizio sociale che ha in carico il ragazzo (nel caso di specie, l\u2019Ambito di Cividale).<\/p>\n<p>Lascia perlomeno perplessi l\u2019enfatizzazione di questi episodi da parte di alcuni interlocutori istituzionali, in nome e per conto dei quali il Servizio di accoglienza viene svolto, oltre che a sostegno di istanze di natura sindacale. Si ritiene che siano stati amplificati i fatti da parte di alcune agenzie di stampa e di alcuni soggetti intervenuti nel dibattito pubblico. Il linguaggio utilizzato e la rappresentazione proposta restituiscono un\u2019immagine distorta della realt\u00e0, che contribuisce ad alimentare una percezione di insicurezza che non corrisponde all\u2019effettiva situazione che \u00e8, e rimane, sotto controllo, come sottolineato anche dai vertici della Compagnia Carabinieri di Cividale del Friuli, con i quali i rappresentanti di Civiform da anni collaborano attivamente.<\/p>\n<p>Infine, si ribadisce che il Servizio svolto a favore dei minori affidati all\u2019Ente si svolge <strong>in stretta sinergia con le Forze dell\u2019Ordine<\/strong>, con cui si intrattiene un dialogo costante e collaborativo, al fine di prevenire situazioni di rischio e di promuovere la sicurezza dentro e fuori dalla struttura. Ogni episodio critico viene gestito con tempestivit\u00e0 e trasparenza, in un\u2019ottica educativa e nel pieno rispetto della legge.<\/p>\n<p>Civiform chiede a tutti gli attori coinvolti \u2013 istituzioni, media e organizzazioni \u2013 un uso responsabile del linguaggio e il rispetto dei principi della comunicazione corretta e non ostile. Si rinnova la piena disponibilit\u00e0 dell\u2019Ente al dialogo e al confronto con le Istituzioni e con tutti gli attori coinvolti, nella convinzione che la collaborazione e una comunicazione attenta rappresentino elementi fondamentali per affrontare in modo efficace situazioni complesse che - guardando al contesto nazionale ed internazionale - purtroppo sono destinate a crescere e richiedono, in primis, l\u2019assunzione di responsabilit\u00e0 da parte delle Istituzioni e un loro coordinamento. Civiform continuer\u00e0 a operare con senso di responsabilit\u00e0, nel rispetto del proprio ruolo educativo e formativo e nell\u2019interesse dei propri allievi e dei minori, sentendosi parte della Comunit\u00e0 in cui \u00e8 inserita da oltre 70 anni.<\/p>\n<\/div>\n<\/div>\n","protected":false},"excerpt":{"rendered":"<p>La dichiarazione di Civiform in seguito ai recenti fatti di cronaca.<\/p>\n","protected":false},"author":1305,"featured_media":27522,"comment_status":"closed","ping_status":"closed","sticky":false,"template":"","format":"standard","meta":{"_acf_changed":false,"footnotes":""},"categories":[1],"tags":[],"class_list":["post-32181","post","type-post","status-publish","format-standard","has-post-thumbnail","hentry","category-news","post-wrapper"],"acf":[],"yoast_head":"<!-- This site is optimized with the Yoast SEO plugin v24.0 - https:\/\/yoast.com\/wordpress\/plugins\/seo\/ -->\n<title>CIVIFORM RISPONDE CON FERMEZZA: LA VERIT\u00c0 SUL NOSTRO LAVORO PER L\u2019EDUCAZIONE, LA FORMAZIONE, L\u2019INCLUSIONE E L\u2019INTEGRAZIONE - CIVIFORM<\/title>\n<meta name=\"robots\" content=\"index, follow, max-snippet:-1, max-image-preview:large, max-video-preview:-1\" \/>\n<link rel=\"canonical\" href=\"https:\/\/www.civiform.it\/2026\/04\/01\/comunicato-stampa\/\" \/>\n<meta property=\"og:locale\" content=\"en_US\" \/>\n<meta property=\"og:type\" content=\"article\" \/>\n<meta property=\"og:title\" content=\"CIVIFORM RISPONDE CON FERMEZZA: LA VERIT\u00c0 SUL NOSTRO LAVORO PER L\u2019EDUCAZIONE, LA FORMAZIONE, L\u2019INCLUSIONE E L\u2019INTEGRAZIONE - CIVIFORM\" \/>\n<meta property=\"og:description\" content=\"La dichiarazione di Civiform in seguito ai recenti fatti di cronaca.\" \/>\n<meta property=\"og:url\" content=\"https:\/\/www.civiform.it\/2026\/04\/01\/comunicato-stampa\/\" \/>\n<meta property=\"og:site_name\" content=\"CIVIFORM\" \/>\n<meta property=\"article:publisher\" content=\"https:\/\/www.facebook.com\/civiform\/\" \/>\n<meta property=\"article:published_time\" content=\"2026-04-01T09:30:41+00:00\" \/>\n<meta property=\"article:modified_time\" content=\"2026-03-31T14:29:34+00:00\" \/>\n<meta property=\"og:image\" content=\"https:\/\/www.civiform.it\/wp-content\/uploads\/2024\/04\/News-Civiform-generica-1500x1000-1.jpg\" \/>\n\t<meta property=\"og:image:width\" content=\"1500\" \/>\n\t<meta property=\"og:image:height\" content=\"1000\" \/>\n\t<meta property=\"og:image:type\" content=\"image\/jpeg\" \/>\n<meta name=\"author\" content=\"Marketing Civiform\" \/>\n<meta name=\"twitter:card\" content=\"summary_large_image\" \/>\n<meta name=\"twitter:creator\" content=\"@Civiform\" \/>\n<meta name=\"twitter:site\" content=\"@Civiform\" \/>\n<meta name=\"twitter:label1\" content=\"Written by\" \/>\n\t<meta name=\"twitter:data1\" content=\"Marketing Civiform\" \/>\n\t<meta name=\"twitter:label2\" content=\"Est. reading time\" \/>\n\t<meta name=\"twitter:data2\" content=\"3 minutes\" \/>\n<script type=\"application\/ld+json\" class=\"yoast-schema-graph\">{\"@context\":\"https:\/\/schema.org\",\"@graph\":[{\"@type\":\"Article\",\"@id\":\"https:\/\/www.civiform.it\/2026\/04\/01\/comunicato-stampa\/#article\",\"isPartOf\":{\"@id\":\"https:\/\/www.civiform.it\/2026\/04\/01\/comunicato-stampa\/\"},\"author\":{\"name\":\"Marketing Civiform\",\"@id\":\"https:\/\/www.civiform.it\/#\/schema\/person\/cc27597dfc863e845498afc3945a9e14\"},\"headline\":\"CIVIFORM RISPONDE CON FERMEZZA: LA VERIT\u00c0 SUL NOSTRO LAVORO PER L\u2019EDUCAZIONE, LA FORMAZIONE, L\u2019INCLUSIONE E L\u2019INTEGRAZIONE\",\"datePublished\":\"2026-04-01T09:30:41+00:00\",\"dateModified\":\"2026-03-31T14:29:34+00:00\",\"mainEntityOfPage\":{\"@id\":\"https:\/\/www.civiform.it\/2026\/04\/01\/comunicato-stampa\/\"},\"wordCount\":547,\"publisher\":{\"@id\":\"https:\/\/www.civiform.it\/#organization\"},\"image\":{\"@id\":\"https:\/\/www.civiform.it\/2026\/04\/01\/comunicato-stampa\/#primaryimage\"},\"thumbnailUrl\":\"https:\/\/www.civiform.it\/wp-content\/uploads\/2024\/04\/News-Civiform-generica-1500x1000-1.jpg\",\"articleSection\":[\"news\"],\"inLanguage\":\"en-US\"},{\"@type\":\"WebPage\",\"@id\":\"https:\/\/www.civiform.it\/2026\/04\/01\/comunicato-stampa\/\",\"url\":\"https:\/\/www.civiform.it\/2026\/04\/01\/comunicato-stampa\/\",\"name\":\"CIVIFORM RISPONDE CON FERMEZZA: LA VERIT\u00c0 SUL NOSTRO LAVORO PER L\u2019EDUCAZIONE, LA FORMAZIONE, L\u2019INCLUSIONE E L\u2019INTEGRAZIONE - CIVIFORM\",\"isPartOf\":{\"@id\":\"https:\/\/www.civiform.it\/#website\"},\"primaryImageOfPage\":{\"@id\":\"https:\/\/www.civiform.it\/2026\/04\/01\/comunicato-stampa\/#primaryimage\"},\"image\":{\"@id\":\"https:\/\/www.civiform.it\/2026\/04\/01\/comunicato-stampa\/#primaryimage\"},\"thumbnailUrl\":\"https:\/\/www.civiform.it\/wp-content\/uploads\/2024\/04\/News-Civiform-generica-1500x1000-1.jpg\",\"datePublished\":\"2026-04-01T09:30:41+00:00\",\"dateModified\":\"2026-03-31T14:29:34+00:00\",\"breadcrumb\":{\"@id\":\"https:\/\/www.civiform.it\/2026\/04\/01\/comunicato-stampa\/#breadcrumb\"},\"inLanguage\":\"en-US\",\"potentialAction\":[{\"@type\":\"ReadAction\",\"target\":[\"https:\/\/www.civiform.it\/2026\/04\/01\/comunicato-stampa\/\"]}]},{\"@type\":\"ImageObject\",\"inLanguage\":\"en-US\",\"@id\":\"https:\/\/www.civiform.it\/2026\/04\/01\/comunicato-stampa\/#primaryimage\",\"url\":\"https:\/\/www.civiform.it\/wp-content\/uploads\/2024\/04\/News-Civiform-generica-1500x1000-1.jpg\",\"contentUrl\":\"https:\/\/www.civiform.it\/wp-content\/uploads\/2024\/04\/News-Civiform-generica-1500x1000-1.jpg\",\"width\":1500,\"height\":1000},{\"@type\":\"BreadcrumbList\",\"@id\":\"https:\/\/www.civiform.it\/2026\/04\/01\/comunicato-stampa\/#breadcrumb\",\"itemListElement\":[{\"@type\":\"ListItem\",\"position\":1,\"name\":\"Home\",\"item\":\"https:\/\/www.civiform.it\/en\/\"},{\"@type\":\"ListItem\",\"position\":2,\"name\":\"CIVIFORM RISPONDE CON FERMEZZA: LA VERIT\u00c0 SUL NOSTRO LAVORO PER L\u2019EDUCAZIONE, LA FORMAZIONE, L\u2019INCLUSIONE E L\u2019INTEGRAZIONE\"}]},{\"@type\":\"WebSite\",\"@id\":\"https:\/\/www.civiform.it\/#website\",\"url\":\"https:\/\/www.civiform.it\/\",\"name\":\"CIVIFORM\",\"description\":\"Progettiamo il tuo futuro\",\"publisher\":{\"@id\":\"https:\/\/www.civiform.it\/#organization\"},\"potentialAction\":[{\"@type\":\"SearchAction\",\"target\":{\"@type\":\"EntryPoint\",\"urlTemplate\":\"https:\/\/www.civiform.it\/?s={search_term_string}\"},\"query-input\":{\"@type\":\"PropertyValueSpecification\",\"valueRequired\":true,\"valueName\":\"search_term_string\"}}],\"inLanguage\":\"en-US\"},{\"@type\":\"Organization\",\"@id\":\"https:\/\/www.civiform.it\/#organization\",\"name\":\"Civiform\",\"url\":\"https:\/\/www.civiform.it\/\",\"logo\":{\"@type\":\"ImageObject\",\"inLanguage\":\"en-US\",\"@id\":\"https:\/\/www.civiform.it\/#\/schema\/logo\/image\/\",\"url\":\"https:\/\/www.civiform.it\/wp-content\/uploads\/2018\/07\/Logo-Civiform-300.png\",\"contentUrl\":\"https:\/\/www.civiform.it\/wp-content\/uploads\/2018\/07\/Logo-Civiform-300.png\",\"width\":300,\"height\":149,\"caption\":\"Civiform\"},\"image\":{\"@id\":\"https:\/\/www.civiform.it\/#\/schema\/logo\/image\/\"},\"sameAs\":[\"https:\/\/www.facebook.com\/civiform\/\",\"https:\/\/x.com\/Civiform\",\"https:\/\/www.instagram.com\/civiform\/\"]},{\"@type\":\"Person\",\"@id\":\"https:\/\/www.civiform.it\/#\/schema\/person\/cc27597dfc863e845498afc3945a9e14\",\"name\":\"Marketing Civiform\",\"image\":{\"@type\":\"ImageObject\",\"inLanguage\":\"en-US\",\"@id\":\"https:\/\/www.civiform.it\/#\/schema\/person\/image\/\",\"url\":\"https:\/\/www.civiform.it\/wp-content\/litespeed\/avatar\/5e289df9028aceeeef24eb13465bc662.jpg?ver=1777294082\",\"contentUrl\":\"https:\/\/www.civiform.it\/wp-content\/litespeed\/avatar\/5e289df9028aceeeef24eb13465bc662.jpg?ver=1777294082\",\"caption\":\"Marketing Civiform\"}}]}<\/script>\n<!-- \/ Yoast SEO plugin. -->","yoast_head_json":{"title":"CIVIFORM RISPONDE CON FERMEZZA: LA VERIT\u00c0 SUL NOSTRO LAVORO PER L\u2019EDUCAZIONE, LA FORMAZIONE, L\u2019INCLUSIONE E L\u2019INTEGRAZIONE - CIVIFORM","robots":{"index":"index","follow":"follow","max-snippet":"max-snippet:-1","max-image-preview":"max-image-preview:large","max-video-preview":"max-video-preview:-1"},"canonical":"https:\/\/www.civiform.it\/2026\/04\/01\/comunicato-stampa\/","og_locale":"en_US","og_type":"article","og_title":"CIVIFORM RISPONDE CON FERMEZZA: LA VERIT\u00c0 SUL NOSTRO LAVORO PER L\u2019EDUCAZIONE, LA FORMAZIONE, L\u2019INCLUSIONE E L\u2019INTEGRAZIONE - CIVIFORM","og_description":"La dichiarazione di Civiform in seguito ai recenti fatti di cronaca.","og_url":"https:\/\/www.civiform.it\/2026\/04\/01\/comunicato-stampa\/","og_site_name":"CIVIFORM","article_publisher":"https:\/\/www.facebook.com\/civiform\/","article_published_time":"2026-04-01T09:30:41+00:00","article_modified_time":"2026-03-31T14:29:34+00:00","og_image":[{"width":1500,"height":1000,"url":"https:\/\/www.civiform.it\/wp-content\/uploads\/2024\/04\/News-Civiform-generica-1500x1000-1.jpg","type":"image\/jpeg"}],"author":"Marketing Civiform","twitter_card":"summary_large_image","twitter_creator":"@Civiform","twitter_site":"@Civiform","twitter_misc":{"Written by":"Marketing Civiform","Est. reading time":"3 minutes"},"schema":{"@context":"https:\/\/schema.org","@graph":[{"@type":"Article","@id":"https:\/\/www.civiform.it\/2026\/04\/01\/comunicato-stampa\/#article","isPartOf":{"@id":"https:\/\/www.civiform.it\/2026\/04\/01\/comunicato-stampa\/"},"author":{"name":"Marketing Civiform","@id":"https:\/\/www.civiform.it\/#\/schema\/person\/cc27597dfc863e845498afc3945a9e14"},"headline":"CIVIFORM RISPONDE CON FERMEZZA: LA VERIT\u00c0 SUL NOSTRO LAVORO PER L\u2019EDUCAZIONE, LA FORMAZIONE, L\u2019INCLUSIONE E L\u2019INTEGRAZIONE","datePublished":"2026-04-01T09:30:41+00:00","dateModified":"2026-03-31T14:29:34+00:00","mainEntityOfPage":{"@id":"https:\/\/www.civiform.it\/2026\/04\/01\/comunicato-stampa\/"},"wordCount":547,"publisher":{"@id":"https:\/\/www.civiform.it\/#organization"},"image":{"@id":"https:\/\/www.civiform.it\/2026\/04\/01\/comunicato-stampa\/#primaryimage"},"thumbnailUrl":"https:\/\/www.civiform.it\/wp-content\/uploads\/2024\/04\/News-Civiform-generica-1500x1000-1.jpg","articleSection":["news"],"inLanguage":"en-US"},{"@type":"WebPage","@id":"https:\/\/www.civiform.it\/2026\/04\/01\/comunicato-stampa\/","url":"https:\/\/www.civiform.it\/2026\/04\/01\/comunicato-stampa\/","name":"CIVIFORM RISPONDE CON FERMEZZA: LA VERIT\u00c0 SUL NOSTRO LAVORO PER L\u2019EDUCAZIONE, LA FORMAZIONE, L\u2019INCLUSIONE E L\u2019INTEGRAZIONE - CIVIFORM","isPartOf":{"@id":"https:\/\/www.civiform.it\/#website"},"primaryImageOfPage":{"@id":"https:\/\/www.civiform.it\/2026\/04\/01\/comunicato-stampa\/#primaryimage"},"image":{"@id":"https:\/\/www.civiform.it\/2026\/04\/01\/comunicato-stampa\/#primaryimage"},"thumbnailUrl":"https:\/\/www.civiform.it\/wp-content\/uploads\/2024\/04\/News-Civiform-generica-1500x1000-1.jpg","datePublished":"2026-04-01T09:30:41+00:00","dateModified":"2026-03-31T14:29:34+00:00","breadcrumb":{"@id":"https:\/\/www.civiform.it\/2026\/04\/01\/comunicato-stampa\/#breadcrumb"},"inLanguage":"en-US","potentialAction":[{"@type":"ReadAction","target":["https:\/\/www.civiform.it\/2026\/04\/01\/comunicato-stampa\/"]}]},{"@type":"ImageObject","inLanguage":"en-US","@id":"https:\/\/www.civiform.it\/2026\/04\/01\/comunicato-stampa\/#primaryimage","url":"https:\/\/www.civiform.it\/wp-content\/uploads\/2024\/04\/News-Civiform-generica-1500x1000-1.jpg","contentUrl":"https:\/\/www.civiform.it\/wp-content\/uploads\/2024\/04\/News-Civiform-generica-1500x1000-1.jpg","width":1500,"height":1000},{"@type":"BreadcrumbList","@id":"https:\/\/www.civiform.it\/2026\/04\/01\/comunicato-stampa\/#breadcrumb","itemListElement":[{"@type":"ListItem","position":1,"name":"Home","item":"https:\/\/www.civiform.it\/en\/"},{"@type":"ListItem","position":2,"name":"CIVIFORM RISPONDE CON FERMEZZA: LA VERIT\u00c0 SUL NOSTRO LAVORO PER L\u2019EDUCAZIONE, LA FORMAZIONE, L\u2019INCLUSIONE E L\u2019INTEGRAZIONE"}]},{"@type":"WebSite","@id":"https:\/\/www.civiform.it\/#website","url":"https:\/\/www.civiform.it\/","name":"CIVIFORM","description":"Progettiamo il tuo futuro","publisher":{"@id":"https:\/\/www.civiform.it\/#organization"},"potentialAction":[{"@type":"SearchAction","target":{"@type":"EntryPoint","urlTemplate":"https:\/\/www.civiform.it\/?s={search_term_string}"},"query-input":{"@type":"PropertyValueSpecification","valueRequired":true,"valueName":"search_term_string"}}],"inLanguage":"en-US"},{"@type":"Organization","@id":"https:\/\/www.civiform.it\/#organization","name":"Civiform","url":"https:\/\/www.civiform.it\/","logo":{"@type":"ImageObject","inLanguage":"en-US","@id":"https:\/\/www.civiform.it\/#\/schema\/logo\/image\/","url":"https:\/\/www.civiform.it\/wp-content\/uploads\/2018\/07\/Logo-Civiform-300.png","contentUrl":"https:\/\/www.civiform.it\/wp-content\/uploads\/2018\/07\/Logo-Civiform-300.png","width":300,"height":149,"caption":"Civiform"},"image":{"@id":"https:\/\/www.civiform.it\/#\/schema\/logo\/image\/"},"sameAs":["https:\/\/www.facebook.com\/civiform\/","https:\/\/x.com\/Civiform","https:\/\/www.instagram.com\/civiform\/"]},{"@type":"Person","@id":"https:\/\/www.civiform.it\/#\/schema\/person\/cc27597dfc863e845498afc3945a9e14","name":"Marketing Civiform","image":{"@type":"ImageObject","inLanguage":"en-US","@id":"https:\/\/www.civiform.it\/#\/schema\/person\/image\/","url":"https:\/\/www.civiform.it\/wp-content\/litespeed\/avatar\/5e289df9028aceeeef24eb13465bc662.jpg?ver=1777294082","contentUrl":"https:\/\/www.civiform.it\/wp-content\/litespeed\/avatar\/5e289df9028aceeeef24eb13465bc662.jpg?ver=1777294082","caption":"Marketing Civiform"}}]}},"_links":{"self":[{"href":"https:\/\/www.civiform.it\/en\/wp-json\/wp\/v2\/posts\/32181"}],"collection":[{"href":"https:\/\/www.civiform.it\/en\/wp-json\/wp\/v2\/posts"}],"about":[{"href":"https:\/\/www.civiform.it\/en\/wp-json\/wp\/v2\/types\/post"}],"author":[{"embeddable":true,"href":"https:\/\/www.civiform.it\/en\/wp-json\/wp\/v2\/users\/1305"}],"replies":[{"embeddable":true,"href":"https:\/\/www.civiform.it\/en\/wp-json\/wp\/v2\/comments?post=32181"}],"version-history":[{"count":2,"href":"https:\/\/www.civiform.it\/en\/wp-json\/wp\/v2\/posts\/32181\/revisions"}],"predecessor-version":[{"id":32183,"href":"https:\/\/www.civiform.it\/en\/wp-json\/wp\/v2\/posts\/32181\/revisions\/32183"}],"wp:featuredmedia":[{"embeddable":true,"href":"https:\/\/www.civiform.it\/en\/wp-json\/wp\/v2\/media\/27522"}],"wp:attachment":[{"href":"https:\/\/www.civiform.it\/en\/wp-json\/wp\/v2\/media?parent=32181"}],"wp:term":[{"taxonomy":"category","embeddable":true,"href":"https:\/\/www.civiform.it\/en\/wp-json\/wp\/v2\/categories?post=32181"},{"taxonomy":"post_tag","embeddable":true,"href":"https:\/\/www.civiform.it\/en\/wp-json\/wp\/v2\/tags?post=32181"}],"curies":[{"name":"wp","href":"https:\/\/api.w.org\/{rel}","templated":true}]}}